{"id":35940,"date":"2026-09-01T03:03:52","date_gmt":"2026-09-01T10:03:52","guid":{"rendered":"https:\/\/www.msia.org\/nuevoamanecer\/?p=35940"},"modified":"2026-09-01T07:23:43","modified_gmt":"2026-09-01T14:23:43","slug":"actualizacion-de-la-presidencia-de-msia-septiembre-de-2026","status":"publish","type":"post","link":"https:\/\/www.msia.org\/nuevoamanecer\/archivos\/35940-actualizacion-de-la-presidencia-de-msia-septiembre-de-2026","title":{"rendered":"Actualizaci\u00f3n de la Presidencia de MSIA \u2013 Septiembre de 2026"},"content":{"rendered":"<p><em>\u00abPrana es un lugar al que se est\u00e1n vertiendo energ\u00edas espirituales y Luz de manera<\/em> <em>concentrada, y esto normalmente desplazar\u00e1 el punto convergente de una persona. Este desplazamiento<\/em> <em>brinda a las personas una mayor oportunidad de despertar espiritual. As\u00ed que, si el crecimiento<\/em> <em>y la elevaci\u00f3n espirituales son tu intenci\u00f3n, entonces Prana presenta una maravillosa oportunidad para<\/em> <em>que eso ocurra.\u00bb<br \/>\n<\/em><span style=\"font-style: inherit;font-weight: inherit\">&#8211; John-Roger, DCE<\/span><\/p>\n<p><span style=\"font-style: inherit;font-weight: inherit\">Estamos enviando Luz al Tour de los Viajeros de PTS a Turqu\u00eda 2026, que comienza el 8 de septiembre. Que los setenta y tres viajeros de PTS lleven mucha Luz y amor a la regi\u00f3n. Cuando concluya el tour, John y Leigh seguir\u00e1n viajando por Europa para eventos en Espa\u00f1a, Francia e Inglaterra hasta principios de octubre.<\/span><\/p>\n<p><span style=\"font-style: inherit;font-weight: inherit\">\u00a1Tenemos una gran noticia! Muchos de vosotros hab\u00e9is respondido magn\u00edficamente a la llamada, y <em><a href=\"https:\/\/www.pts.org\/experience-pts\/all-events?search=eyJjYXQiOiIyMCIsInRpdGxlIjoiIn0=\">El Acuerdo Un\u00e1nime: un retiro de siete d\u00edas de Conciencia de Paz<\/a> <\/em>est\u00e1 ya confirmado y fijado del 14 al 20 de diciembre en el Asilomar Conference Grounds, en Pacific Grove, California. Si quer\u00e9is la experiencia completa de MSIA en el norte de California, pod\u00e9is empezar con el <a href=\"https:\/\/www.msia.org\/eventos\/e\/seminario-abierto-con-john-morton-san-francisco-ca\">Seminario Abierto con John Morton en Fisherman&#8217;s Wharf<\/a>, en San Francisco, el 12 de diciembre.<\/span><\/p>\n<p><span style=\"font-style: inherit;font-weight: inherit\">Si est\u00e1is en la zona de Los \u00c1ngeles, hay una maravillosa oportunidad de servicio como gu\u00eda voluntario en el Peace Awareness Garden &amp; Labyrinth (tambi\u00e9n conocido como Prana, \u00a1el hogar del Viajero!). Ser gu\u00eda es una forma gratificante de servir a los visitantes que experimentan por primera vez la belleza y la energ\u00eda de la propiedad de Prana. Es una alegr\u00eda ver el asombro en el rostro de los visitantes cuando contemplan la belleza de la propiedad y sienten la vibraci\u00f3n sanadora tan especial y sagrada que la impregna. Aprender\u00e9is a compartir la interesante historia de la Guasti Villa y de c\u00f3mo lleg\u00f3 a ser lo que es hoy. Si os interesa saber m\u00e1s, escribid a David Jaramillo a <a href=\"mailto:DJaramillo@msia.org\">DJaramillo@msia.org<\/a><\/span><span style=\"font-style: inherit;font-weight: inherit\">.<\/span><\/p>\n<p><span style=\"font-style: inherit;font-weight: inherit\">Los residentes de Prana suelen ser gu\u00edas. Si os gustar\u00eda vivir la inmersi\u00f3n completa de residir en la energ\u00eda del Viajero, podr\u00edais considerar ser residente en el hogar del Viajero. El campus de Prana cuenta con propiedades bellamente mantenidas en el centro de la ciudad. La comida y las comidas nunca han sido mejores. Hay profundas oportunidades para estudiar las ense\u00f1anzas y ser de servicio, en un entorno espiritual sin igual. Pod\u00e9is contactar con Dawn White si ten\u00e9is cualquier pregunta en <a href=\"mailto:dWhite@msia.org\">dWhite@msia.org<\/a>.<\/span><\/p>\n<p><span style=\"font-style: inherit;font-weight: inherit\">Hac\u00eda tiempo que no os d\u00e1bamos una actualizaci\u00f3n sobre la casa de t\u00e9 del jard\u00edn de meditaci\u00f3n de Prana. Como esper\u00e1bamos, ha ido avanzando con estallidos de actividad seguidos de semanas en las que no pasaba nada. Los contratistas acaban de aplicar la capa base para el estuco exterior, y el panel de yeso interior se acaba de terminar. Se espera que la carpinter\u00eda interior comience dentro de unas pocas semanas. Parte de la madera que falta est\u00e1 llegando desde Alemania, lo que permitir\u00e1 que el techo est\u00e9 listo entre mediados y finales de octubre, con suerte antes, seg\u00fan cu\u00e1ndo llegue el env\u00edo por mar. Y, por favor, enviad Luz al estanque reflectante. El contratista de la piscina que ten\u00edamos previsto usar ha fallecido, y estamos buscando un gran contratista que lo reemplace.<\/span><\/p>\n<p><span style=\"font-style: inherit;font-weight: inherit\">Mientras tanto, el dise\u00f1o paisaj\u00edstico y los trabajos de preparaci\u00f3n avanzan bien. Llev\u00f3 dos semanas retirar el bamb\u00fa de nuestro lindero sur. Nuestro ingeniero civil est\u00e1 revisando los planos del sistema de drenaje para asegurar que los jardines no se inunden con lluvias fuertes. El plan paisaj\u00edstico tiene buena pinta y complementar\u00e1 la casa de t\u00e9 magn\u00edficamente.<\/span><\/p>\n<p><span style=\"font-style: inherit;font-weight: inherit\">Esperamos con ilusi\u00f3n compartir la casa de t\u00e9 y los jardines terminados, listos para su inauguraci\u00f3n a principios de 2027.<\/span><\/p>\n<p><span style=\"font-style: inherit;font-weight: inherit\">Y, por favor, no olvid\u00e9is suscribiros a nuestro canal de YouTube y echar un vistazo a nuestra \u00faltima propuesta: <a href=\"https:\/\/www.youtube.com\/watch?v=qWXrl46EO3U\">https:\/\/www.youtube.com\/watch?v=qWXrl46EO3U<\/a> . \u00a1Y si pod\u00e9is dejar un comentario y compartir, mejor todav\u00eda!<\/span><\/p>\n<p><span style=\"font-style: inherit;font-weight: inherit\">Gracias a todos vosotros por todo lo que dais de tantas maneras. Como J-R nos recordaba constantemente: \u00abEs el amar lo que hace que todo esto funcione\u00bb. \u00a1Los tiempos nos llaman a todos a permanecer en el amar!<\/span><\/p>\n<p><span style=\"font-style: inherit;font-weight: inherit\">Que Dios os bendiga,<br \/>\n<\/span><span style=\"font-style: inherit;font-weight: inherit\">Sherie, David, Vincent, Paul, Mark y Jeffrey<\/span><\/p>\n<p>&nbsp;<\/p>\n","protected":false},"excerpt":{"rendered":"<p>\u00abPrana es un lugar al que se est\u00e1n vertiendo energ\u00edas espirituales y Luz de manera concentrada, y esto normalmente desplazar\u00e1 el punto convergente de una persona. Este desplazamiento brinda a las personas una mayor oportunidad de despertar espiritual. As\u00ed que, si el crecimiento y la elevaci\u00f3n espirituales son tu intenci\u00f3n, entonces Prana presenta una maravillosa [&hellip;]<\/p>\n","protected":false},"author":17165,"featured_media":0,"comment_status":"open","ping_status":"open","sticky":false,"template":"","format":"standard","meta":{"_acf_changed":false,"site-sidebar-layout":"default","site-content-layout":"","ast-site-content-layout":"default","site-content-style":"default","site-sidebar-style":"default","ast-global-header-display":"","ast-banner-title-visibility":"","ast-main-header-display":"","ast-hfb-above-header-display":"","ast-hfb-below-header-display":"","ast-hfb-mobile-header-display":"","site-post-title":"","ast-breadcrumbs-content":"","ast-featured-img":"","footer-sml-layout":"","ast-disable-related-posts":"","theme-transparent-header-meta":"default","adv-header-id-meta":"","stick-header-meta":"","header-above-stick-meta":"","header-main-stick-meta":"","header-below-stick-meta":"","astra-migrate-meta-layouts":"set","ast-page-background-enabled":"default","ast-page-background-meta":{"desktop":{"background-color":"var(--ast-global-color-4)","background-image":"","background-repeat":"repeat","background-position":"center center","background-size":"auto","background-attachment":"scroll","background-type":"","background-media":"","overlay-type":"","overlay-color":"","overlay-opacity":"","overlay-gradient":""},"tablet":{"background-color":"","background-image":"","background-repeat":"repeat","background-position":"center center","background-size":"auto","background-attachment":"scroll","background-type":"","background-media":"","overlay-type":"","overlay-color":"","overlay-opacity":"","overlay-gradient":""},"mobile":{"background-color":"","background-image":"","background-repeat":"repeat","background-position":"center center","background-size":"auto","background-attachment":"scroll","background-type":"","background-media":"","overlay-type":"","overlay-color":"","overlay-opacity":"","overlay-gradient":""}},"ast-content-background-meta":{"desktop":{"background-color":"var(--ast-global-color-5)","background-image":"","background-repeat":"repeat","background-position":"center center","background-size":"auto","background-attachment":"scroll","background-type":"","background-media":"","overlay-type":"","overlay-color":"","overlay-opacity":"","overlay-gradient":""},"tablet":{"background-color":"var(--ast-global-color-5)","background-image":"","background-repeat":"repeat","background-position":"center center","background-size":"auto","background-attachment":"scroll","background-type":"","background-media":"","overlay-type":"","overlay-color":"","overlay-opacity":"","overlay-gradient":""},"mobile":{"background-color":"var(--ast-global-color-5)","background-image":"","background-repeat":"repeat","background-position":"center center","background-size":"auto","background-attachment":"scroll","background-type":"","background-media":"","overlay-type":"","overlay-color":"","overlay-opacity":"","overlay-gradient":""}},"footnotes":""},"categories":[45,1709],"tags":[],"class_list":["post-35940","post","type-post","status-publish","format-standard","hentry","category-destacado","category-noticias-de-la-presidencia"],"acf":[],"_links":{"self":[{"href":"https:\/\/www.msia.org\/nuevoamanecer\/wp-json\/wp\/v2\/posts\/35940","targetHints":{"allow":["GET"]}}],"collection":[{"href":"https:\/\/www.msia.org\/nuevoamanecer\/wp-json\/wp\/v2\/posts"}],"about":[{"href":"https:\/\/www.msia.org\/nuevoamanecer\/wp-json\/wp\/v2\/types\/post"}],"author":[{"embeddable":true,"href":"https:\/\/www.msia.org\/nuevoamanecer\/wp-json\/wp\/v2\/users\/17165"}],"replies":[{"embeddable":true,"href":"https:\/\/www.msia.org\/nuevoamanecer\/wp-json\/wp\/v2\/comments?post=35940"}],"version-history":[{"count":0,"href":"https:\/\/www.msia.org\/nuevoamanecer\/wp-json\/wp\/v2\/posts\/35940\/revisions"}],"wp:attachment":[{"href":"https:\/\/www.msia.org\/nuevoamanecer\/wp-json\/wp\/v2\/media?parent=35940"}],"wp:term":[{"taxonomy":"category","embeddable":true,"href":"https:\/\/www.msia.org\/nuevoamanecer\/wp-json\/wp\/v2\/categories?post=35940"},{"taxonomy":"post_tag","embeddable":true,"href":"https:\/\/www.msia.org\/nuevoamanecer\/wp-json\/wp\/v2\/tags?post=35940"}],"curies":[{"name":"wp","href":"https:\/\/api.w.org\/{rel}","templated":true}]}}